{"id":336775,"date":"2022-01-25T12:39:35","date_gmt":"2022-01-25T11:39:35","guid":{"rendered":"https:\/\/www.semmlogging.com\/formation-par-alternance-en-partenariat-avec-luniversite-de-grenoble-alpes-2\/"},"modified":"2023-02-22T14:05:26","modified_gmt":"2023-02-22T13:05:26","slug":"formation-par-alternance-en-partenariat-avec-luniversite-de-grenoble-alpes","status":"publish","type":"post","link":"https:\/\/www.semmlogging.com\/en\/formation-par-alternance-en-partenariat-avec-luniversite-de-grenoble-alpes\/","title":{"rendered":"Formation par alternance en partenariat avec l\u2019Universit\u00e9 de Grenoble Alpes"},"content":{"rendered":"<p><img decoding=\"async\" class=\"alignnone wp-image-335683 size-full\" src=\"https:\/\/www.semmlogging.com\/wp-content\/uploads\/2022\/01\/1642512193228.jpg\" alt=\"\" width=\"2048\" height=\"1299\" srcset=\"https:\/\/www.semmlogging.com\/wp-content\/uploads\/2022\/01\/1642512193228.jpg 2048w, https:\/\/www.semmlogging.com\/wp-content\/uploads\/2022\/01\/1642512193228-1280x812.jpg 1280w, https:\/\/www.semmlogging.com\/wp-content\/uploads\/2022\/01\/1642512193228-980x622.jpg 980w, https:\/\/www.semmlogging.com\/wp-content\/uploads\/2022\/01\/1642512193228-480x304.jpg 480w\" sizes=\"(min-width: 0px) and (max-width: 480px) 480px, (min-width: 481px) and (max-width: 980px) 980px, (min-width: 981px) and (max-width: 1280px) 1280px, (min-width: 1281px) 2048px, 100vw\" \/><\/p>\n<p>En 2021, SEMM LOGGING a fait le choix de la formation par alternance en partenariat avec <a href=\"https:\/\/www.linkedin.com\/school\/universit%C3%A9-grenoble-alpes\/\" target=\"_blank\" rel=\"noopener\">l\u2019Universit\u00e9 de Grenoble Alpes<\/a> pour d\u00e9velopper de nouveaux talents. Le temps est venu de la mise en pratique sur le terrain !<\/p>\n<p><img decoding=\"async\" class=\"alignnone size-medium wp-image-335681\" src=\"https:\/\/www.semmlogging.com\/wp-content\/uploads\/2022\/01\/1642512191884-300x178.jpg\" alt=\"\" width=\"300\" height=\"178\" data-wp-editing=\"1\" \/> <img decoding=\"async\" class=\"alignnone size-medium wp-image-335679\" src=\"https:\/\/www.semmlogging.com\/wp-content\/uploads\/2022\/01\/1642512186274-300x260.jpg\" alt=\"\" width=\"300\" height=\"260\" \/><\/p>\n","protected":false},"excerpt":{"rendered":"<p>En 2021, SEMM LOGGING a fait le choix de la formation par alternance en partenariat avec l\u2019Universit\u00e9 de Grenoble Alpes pour d\u00e9velopper de nouveaux talents. Le temps est venu de la mise en pratique sur le terrain !<\/p>\n","protected":false},"author":7,"featured_media":335684,"comment_status":"closed","ping_status":"closed","sticky":false,"template":"","format":"standard","meta":{"_et_pb_use_builder":"","_et_pb_old_content":"","_et_gb_content_width":"","footnotes":""},"categories":[29],"tags":[],"class_list":["post-336775","post","type-post","status-publish","format-standard","has-post-thumbnail","hentry","category-news"],"yoast_head":"<!-- This site is optimized with the Yoast SEO plugin v26.4 - https:\/\/yoast.com\/wordpress\/plugins\/seo\/ -->\n<title>Formation par alternance en partenariat avec l\u2019Universit\u00e9 de Grenoble Alpes - Semm logging<\/title>\n<meta name=\"robots\" content=\"index, follow, max-snippet:-1, max-image-preview:large, max-video-preview:-1\" \/>\n<link rel=\"canonical\" href=\"https:\/\/www.semmlogging.com\/en\/formation-par-alternance-en-partenariat-avec-luniversite-de-grenoble-alpes\/\" \/>\n<meta property=\"og:locale\" content=\"en_US\" \/>\n<meta property=\"og:type\" content=\"article\" \/>\n<meta property=\"og:title\" content=\"Formation par alternance en partenariat avec l\u2019Universit\u00e9 de Grenoble Alpes - Semm logging\" \/>\n<meta property=\"og:description\" content=\"En 2021, SEMM LOGGING a fait le choix de la formation par alternance en partenariat avec l\u2019Universit\u00e9 de Grenoble Alpes pour d\u00e9velopper de nouveaux talents. Le temps est venu de la mise en pratique sur le terrain !\" \/>\n<meta property=\"og:url\" content=\"https:\/\/www.semmlogging.com\/en\/formation-par-alternance-en-partenariat-avec-luniversite-de-grenoble-alpes\/\" \/>\n<meta property=\"og:site_name\" content=\"Semm logging\" \/>\n<meta property=\"article:published_time\" content=\"2022-01-25T11:39:35+00:00\" \/>\n<meta property=\"article:modified_time\" content=\"2023-02-22T13:05:26+00:00\" \/>\n<meta property=\"og:image\" content=\"https:\/\/www.semmlogging.com\/wp-content\/uploads\/2022\/01\/1642512193228.jpg\" \/>\n\t<meta property=\"og:image:width\" content=\"2048\" \/>\n\t<meta property=\"og:image:height\" content=\"1299\" \/>\n\t<meta property=\"og:image:type\" content=\"image\/jpeg\" \/>\n<meta name=\"author\" content=\"C-toucom\" \/>\n<meta name=\"twitter:card\" content=\"summary_large_image\" \/>\n<meta name=\"twitter:label1\" content=\"Written by\" \/>\n\t<meta name=\"twitter:data1\" content=\"C-toucom\" \/>\n\t<meta name=\"twitter:label2\" content=\"Est. reading time\" \/>\n\t<meta name=\"twitter:data2\" content=\"1 minute\" \/>\n<script type=\"application\/ld+json\" class=\"yoast-schema-graph\">{\"@context\":\"https:\/\/schema.org\",\"@graph\":[{\"@type\":\"WebPage\",\"@id\":\"https:\/\/www.semmlogging.com\/en\/formation-par-alternance-en-partenariat-avec-luniversite-de-grenoble-alpes\/\",\"url\":\"https:\/\/www.semmlogging.com\/en\/formation-par-alternance-en-partenariat-avec-luniversite-de-grenoble-alpes\/\",\"name\":\"Formation par alternance en partenariat avec l\u2019Universit\u00e9 de Grenoble Alpes - Semm logging\",\"isPartOf\":{\"@id\":\"https:\/\/www.semmlogging.com\/#website\"},\"primaryImageOfPage\":{\"@id\":\"https:\/\/www.semmlogging.com\/en\/formation-par-alternance-en-partenariat-avec-luniversite-de-grenoble-alpes\/#primaryimage\"},\"image\":{\"@id\":\"https:\/\/www.semmlogging.com\/en\/formation-par-alternance-en-partenariat-avec-luniversite-de-grenoble-alpes\/#primaryimage\"},\"thumbnailUrl\":\"https:\/\/www.semmlogging.com\/wp-content\/uploads\/2022\/01\/1642512193228.jpg\",\"datePublished\":\"2022-01-25T11:39:35+00:00\",\"dateModified\":\"2023-02-22T13:05:26+00:00\",\"author\":{\"@id\":\"https:\/\/www.semmlogging.com\/#\/schema\/person\/40a22217284e707b46d97168b9dcbf9b\"},\"breadcrumb\":{\"@id\":\"https:\/\/www.semmlogging.com\/en\/formation-par-alternance-en-partenariat-avec-luniversite-de-grenoble-alpes\/#breadcrumb\"},\"inLanguage\":\"en-US\",\"potentialAction\":[{\"@type\":\"ReadAction\",\"target\":[\"https:\/\/www.semmlogging.com\/en\/formation-par-alternance-en-partenariat-avec-luniversite-de-grenoble-alpes\/\"]}]},{\"@type\":\"ImageObject\",\"inLanguage\":\"en-US\",\"@id\":\"https:\/\/www.semmlogging.com\/en\/formation-par-alternance-en-partenariat-avec-luniversite-de-grenoble-alpes\/#primaryimage\",\"url\":\"https:\/\/www.semmlogging.com\/wp-content\/uploads\/2022\/01\/1642512193228.jpg\",\"contentUrl\":\"https:\/\/www.semmlogging.com\/wp-content\/uploads\/2022\/01\/1642512193228.jpg\",\"width\":2048,\"height\":1299},{\"@type\":\"BreadcrumbList\",\"@id\":\"https:\/\/www.semmlogging.com\/en\/formation-par-alternance-en-partenariat-avec-luniversite-de-grenoble-alpes\/#breadcrumb\",\"itemListElement\":[{\"@type\":\"ListItem\",\"position\":1,\"name\":\"Accueil\",\"item\":\"https:\/\/www.semmlogging.com\/en\/\"},{\"@type\":\"ListItem\",\"position\":2,\"name\":\"Formation par alternance en partenariat avec l\u2019Universit\u00e9 de Grenoble Alpes\"}]},{\"@type\":\"WebSite\",\"@id\":\"https:\/\/www.semmlogging.com\/#website\",\"url\":\"https:\/\/www.semmlogging.com\/\",\"name\":\"Semm logging\",\"description\":\"Soci\u00e9t\u00e9 de services sp\u00e9cialis\u00e9e dans les diagraphies (mesures g\u00e9ophysiques en forages).\",\"potentialAction\":[{\"@type\":\"SearchAction\",\"target\":{\"@type\":\"EntryPoint\",\"urlTemplate\":\"https:\/\/www.semmlogging.com\/?s={search_term_string}\"},\"query-input\":{\"@type\":\"PropertyValueSpecification\",\"valueRequired\":true,\"valueName\":\"search_term_string\"}}],\"inLanguage\":\"en-US\"},{\"@type\":\"Person\",\"@id\":\"https:\/\/www.semmlogging.com\/#\/schema\/person\/40a22217284e707b46d97168b9dcbf9b\",\"name\":\"C-toucom\",\"url\":\"https:\/\/www.semmlogging.com\/en\/author\/c-toucom\/\"}]}<\/script>\n<!-- \/ Yoast SEO plugin. -->","yoast_head_json":{"title":"Formation par alternance en partenariat avec l\u2019Universit\u00e9 de Grenoble Alpes - Semm logging","robots":{"index":"index","follow":"follow","max-snippet":"max-snippet:-1","max-image-preview":"max-image-preview:large","max-video-preview":"max-video-preview:-1"},"canonical":"https:\/\/www.semmlogging.com\/en\/formation-par-alternance-en-partenariat-avec-luniversite-de-grenoble-alpes\/","og_locale":"en_US","og_type":"article","og_title":"Formation par alternance en partenariat avec l\u2019Universit\u00e9 de Grenoble Alpes - Semm logging","og_description":"En 2021, SEMM LOGGING a fait le choix de la formation par alternance en partenariat avec l\u2019Universit\u00e9 de Grenoble Alpes pour d\u00e9velopper de nouveaux talents. Le temps est venu de la mise en pratique sur le terrain !","og_url":"https:\/\/www.semmlogging.com\/en\/formation-par-alternance-en-partenariat-avec-luniversite-de-grenoble-alpes\/","og_site_name":"Semm logging","article_published_time":"2022-01-25T11:39:35+00:00","article_modified_time":"2023-02-22T13:05:26+00:00","og_image":[{"width":2048,"height":1299,"url":"https:\/\/www.semmlogging.com\/wp-content\/uploads\/2022\/01\/1642512193228.jpg","type":"image\/jpeg"}],"author":"C-toucom","twitter_card":"summary_large_image","twitter_misc":{"Written by":"C-toucom","Est. reading time":"1 minute"},"schema":{"@context":"https:\/\/schema.org","@graph":[{"@type":"WebPage","@id":"https:\/\/www.semmlogging.com\/en\/formation-par-alternance-en-partenariat-avec-luniversite-de-grenoble-alpes\/","url":"https:\/\/www.semmlogging.com\/en\/formation-par-alternance-en-partenariat-avec-luniversite-de-grenoble-alpes\/","name":"Formation par alternance en partenariat avec l\u2019Universit\u00e9 de Grenoble Alpes - Semm logging","isPartOf":{"@id":"https:\/\/www.semmlogging.com\/#website"},"primaryImageOfPage":{"@id":"https:\/\/www.semmlogging.com\/en\/formation-par-alternance-en-partenariat-avec-luniversite-de-grenoble-alpes\/#primaryimage"},"image":{"@id":"https:\/\/www.semmlogging.com\/en\/formation-par-alternance-en-partenariat-avec-luniversite-de-grenoble-alpes\/#primaryimage"},"thumbnailUrl":"https:\/\/www.semmlogging.com\/wp-content\/uploads\/2022\/01\/1642512193228.jpg","datePublished":"2022-01-25T11:39:35+00:00","dateModified":"2023-02-22T13:05:26+00:00","author":{"@id":"https:\/\/www.semmlogging.com\/#\/schema\/person\/40a22217284e707b46d97168b9dcbf9b"},"breadcrumb":{"@id":"https:\/\/www.semmlogging.com\/en\/formation-par-alternance-en-partenariat-avec-luniversite-de-grenoble-alpes\/#breadcrumb"},"inLanguage":"en-US","potentialAction":[{"@type":"ReadAction","target":["https:\/\/www.semmlogging.com\/en\/formation-par-alternance-en-partenariat-avec-luniversite-de-grenoble-alpes\/"]}]},{"@type":"ImageObject","inLanguage":"en-US","@id":"https:\/\/www.semmlogging.com\/en\/formation-par-alternance-en-partenariat-avec-luniversite-de-grenoble-alpes\/#primaryimage","url":"https:\/\/www.semmlogging.com\/wp-content\/uploads\/2022\/01\/1642512193228.jpg","contentUrl":"https:\/\/www.semmlogging.com\/wp-content\/uploads\/2022\/01\/1642512193228.jpg","width":2048,"height":1299},{"@type":"BreadcrumbList","@id":"https:\/\/www.semmlogging.com\/en\/formation-par-alternance-en-partenariat-avec-luniversite-de-grenoble-alpes\/#breadcrumb","itemListElement":[{"@type":"ListItem","position":1,"name":"Accueil","item":"https:\/\/www.semmlogging.com\/en\/"},{"@type":"ListItem","position":2,"name":"Formation par alternance en partenariat avec l\u2019Universit\u00e9 de Grenoble Alpes"}]},{"@type":"WebSite","@id":"https:\/\/www.semmlogging.com\/#website","url":"https:\/\/www.semmlogging.com\/","name":"Semm logging","description":"Soci\u00e9t\u00e9 de services sp\u00e9cialis\u00e9e dans les diagraphies (mesures g\u00e9ophysiques en forages).","potentialAction":[{"@type":"SearchAction","target":{"@type":"EntryPoint","urlTemplate":"https:\/\/www.semmlogging.com\/?s={search_term_string}"},"query-input":{"@type":"PropertyValueSpecification","valueRequired":true,"valueName":"search_term_string"}}],"inLanguage":"en-US"},{"@type":"Person","@id":"https:\/\/www.semmlogging.com\/#\/schema\/person\/40a22217284e707b46d97168b9dcbf9b","name":"C-toucom","url":"https:\/\/www.semmlogging.com\/en\/author\/c-toucom\/"}]}},"_links":{"self":[{"href":"https:\/\/www.semmlogging.com\/en\/wp-json\/wp\/v2\/posts\/336775","targetHints":{"allow":["GET"]}}],"collection":[{"href":"https:\/\/www.semmlogging.com\/en\/wp-json\/wp\/v2\/posts"}],"about":[{"href":"https:\/\/www.semmlogging.com\/en\/wp-json\/wp\/v2\/types\/post"}],"author":[{"embeddable":true,"href":"https:\/\/www.semmlogging.com\/en\/wp-json\/wp\/v2\/users\/7"}],"replies":[{"embeddable":true,"href":"https:\/\/www.semmlogging.com\/en\/wp-json\/wp\/v2\/comments?post=336775"}],"version-history":[{"count":1,"href":"https:\/\/www.semmlogging.com\/en\/wp-json\/wp\/v2\/posts\/336775\/revisions"}],"predecessor-version":[{"id":336776,"href":"https:\/\/www.semmlogging.com\/en\/wp-json\/wp\/v2\/posts\/336775\/revisions\/336776"}],"wp:featuredmedia":[{"embeddable":true,"href":"https:\/\/www.semmlogging.com\/en\/wp-json\/wp\/v2\/media\/335684"}],"wp:attachment":[{"href":"https:\/\/www.semmlogging.com\/en\/wp-json\/wp\/v2\/media?parent=336775"}],"wp:term":[{"taxonomy":"category","embeddable":true,"href":"https:\/\/www.semmlogging.com\/en\/wp-json\/wp\/v2\/categories?post=336775"},{"taxonomy":"post_tag","embeddable":true,"href":"https:\/\/www.semmlogging.com\/en\/wp-json\/wp\/v2\/tags?post=336775"}],"curies":[{"name":"wp","href":"https:\/\/api.w.org\/{rel}","templated":true}]}}